{"id":10924,"date":"2016-06-30T10:33:43","date_gmt":"2016-06-30T08:33:43","guid":{"rendered":"https:\/\/kimer.logisprix.com\/praxisfall-installation-eines-konventionellen-palettenregals\/"},"modified":"2025-07-22T12:59:54","modified_gmt":"2025-07-22T10:59:54","slug":"praxisfall-installation-eines-konventionellen-palettenregals","status":"publish","type":"post","link":"https:\/\/kimer.com\/de\/praxisfall-installation-eines-konventionellen-palettenregals\/","title":{"rendered":"Praxisfall \u2013 Installation eines konventionellen Palettenregals"},"content":{"rendered":"<p><img fetchpriority=\"high\" decoding=\"async\" class=\" wp-image-10909 aligncenter\" src=\"https:\/\/kimer.logisprix.com\/wp-content\/uploads\/2025\/07\/caso-practico-instalacion-estanteria-paletizada-convencional-300x160.webp\" alt=\"Praxisfall \u2013 Installation eines konventionellen Palettenregals \" width=\"525\" height=\"280\" srcset=\"https:\/\/kimer.com\/wp-content\/uploads\/2025\/07\/caso-practico-instalacion-estanteria-paletizada-convencional-300x160.webp 300w, https:\/\/kimer.com\/wp-content\/uploads\/2025\/07\/caso-practico-instalacion-estanteria-paletizada-convencional.webp 750w\" sizes=\"(max-width: 525px) 100vw, 525px\" \/><\/p>\n<p>&nbsp;<\/p>\n<p><span style=\"font-weight: 400;\">Am 30. Juni installierte KIMER <strong>Regalsysteme ein konventionelles Palettenregalsystem<\/strong> f\u00fcr ein bedeutendes Unternehmen der Lebensmittelbranche.<\/span><\/p>\n<p><span style=\"font-weight: 400;\">Bei einer Lagerfl\u00e4che von 4.700 m\u00b2 entschied sich KIMER f\u00fcr das konventionelle Palettenregalsystem als optimale L\u00f6sung f\u00fcr die Anforderungen des Kunden. <strong>Es wurden 10 Meter hohe St\u00e4nder installiert<\/strong>, um die gesamte Hallenh\u00f6he auszunutzen. Die verwendete Rahmentiefe betrug 1,1 m \u2013 ideal f\u00fcr Europaletten. Je nach Kundenbedarf wurden verschiedene Balkenl\u00e4ngen eingesetzt. Diese Balken k\u00f6nnen mehr als 3.000 kg pro Paar tragen.    <\/span><\/p>\n<p><span style=\"font-weight: 400;\">Nach Abschluss der Installation verf\u00fcgt das Lebensmittelunternehmen \u00fcber eine Lagerkapazit\u00e4t von <strong>8.450 Europaletten<\/strong> \u2013 ein weiteres erfolgreiches Projekt, das die Erwartungen unserer Kunden erf\u00fcllt hat. <\/span><\/p>\n<p>&nbsp;<\/p>\n","protected":false},"excerpt":{"rendered":"<p>&nbsp; Am 30. Juni installierte KIMER Regalsysteme ein konventionelles Palettenregalsystem f\u00fcr ein bedeutendes Unternehmen der Lebensmittelbranche. Bei einer Lagerfl\u00e4che von 4.700 m\u00b2 entschied sich KIMER f\u00fcr das konventionelle Palettenregalsystem als optimale L\u00f6sung f\u00fcr die Anforderungen des Kunden. Es wurden 10 Meter hohe St\u00e4nder installiert, um die gesamte Hallenh\u00f6he auszunutzen. Die verwendete Rahmentiefe betrug 1,1 m [&hellip;]<\/p>\n","protected":false},"author":1,"featured_media":10912,"comment_status":"closed","ping_status":"closed","sticky":false,"template":"","format":"standard","meta":{"_acf_changed":false,"footnotes":""},"categories":[18],"tags":[],"class_list":["post-10924","post","type-post","status-publish","format-standard","has-post-thumbnail","hentry","category-aktuelles"],"acf":[],"_links":{"self":[{"href":"https:\/\/kimer.com\/de\/wp-json\/wp\/v2\/posts\/10924","targetHints":{"allow":["GET"]}}],"collection":[{"href":"https:\/\/kimer.com\/de\/wp-json\/wp\/v2\/posts"}],"about":[{"href":"https:\/\/kimer.com\/de\/wp-json\/wp\/v2\/types\/post"}],"author":[{"embeddable":true,"href":"https:\/\/kimer.com\/de\/wp-json\/wp\/v2\/users\/1"}],"replies":[{"embeddable":true,"href":"https:\/\/kimer.com\/de\/wp-json\/wp\/v2\/comments?post=10924"}],"version-history":[{"count":1,"href":"https:\/\/kimer.com\/de\/wp-json\/wp\/v2\/posts\/10924\/revisions"}],"predecessor-version":[{"id":11645,"href":"https:\/\/kimer.com\/de\/wp-json\/wp\/v2\/posts\/10924\/revisions\/11645"}],"wp:featuredmedia":[{"embeddable":true,"href":"https:\/\/kimer.com\/de\/wp-json\/wp\/v2\/media\/10912"}],"wp:attachment":[{"href":"https:\/\/kimer.com\/de\/wp-json\/wp\/v2\/media?parent=10924"}],"wp:term":[{"taxonomy":"category","embeddable":true,"href":"https:\/\/kimer.com\/de\/wp-json\/wp\/v2\/categories?post=10924"},{"taxonomy":"post_tag","embeddable":true,"href":"https:\/\/kimer.com\/de\/wp-json\/wp\/v2\/tags?post=10924"}],"curies":[{"name":"wp","href":"https:\/\/api.w.org\/{rel}","templated":true}]}}