{"id":10993,"date":"2016-06-20T11:22:21","date_gmt":"2016-06-20T09:22:21","guid":{"rendered":"https:\/\/kimer.logisprix.com\/installation-des-alpa-regalsystems\/"},"modified":"2025-07-22T13:00:08","modified_gmt":"2025-07-22T11:00:08","slug":"installation-des-alpa-regalsystems","status":"publish","type":"post","link":"https:\/\/kimer.com\/de\/installation-des-alpa-regalsystems\/","title":{"rendered":"Installation des ALPA-Regalsystems"},"content":{"rendered":"<p><img fetchpriority=\"high\" decoding=\"async\" class=\"wp-image-10978 aligncenter\" src=\"https:\/\/kimer.logisprix.com\/wp-content\/uploads\/2025\/07\/instalacion-estanteria-alpa-300x160.webp\" alt=\"\" width=\"581\" height=\"310\" srcset=\"https:\/\/kimer.com\/wp-content\/uploads\/2025\/07\/instalacion-estanteria-alpa-300x160.webp 300w, https:\/\/kimer.com\/wp-content\/uploads\/2025\/07\/instalacion-estanteria-alpa.webp 750w\" sizes=\"(max-width: 581px) 100vw, 581px\" \/><\/p>\n<p>&nbsp;<\/p>\n<p><span style=\"font-weight: 400;\">Die <strong>ALPA<\/strong>-Regale wurden so konzipiert, dass sie sich dank ihrer modularen Bauweise und einfachen Verstellbarkeit an m\u00f6glichst viele Umgebungen und Anforderungen anpassen lassen.<\/span><\/p>\n<p><span style=\"font-weight: 400;\">Durch ihre Stabilit\u00e4t und den einfachen Aufbau (<strong>ganz ohne Schrauben<\/strong>) sind sie das optimale System f\u00fcr B\u00fcros, Archive, Lagerh\u00e4user usw<\/span><\/p>\n<p><span style=\"font-weight: 400;\">Einige <strong>Vorteile<\/strong> dieses Produkts:<\/span><\/p>\n<ul>\n<li><span style=\"font-weight: 400;\">Einfach zu montierendes Regal ohne Schrauben<\/span><\/li>\n<li>M\u00f6glichkeit, Werkb\u00e4nke zu erstellen<\/li>\n<li>Schm\u00e4lster Quertr\u00e4ger auf dem Markt mit hoher Lagerkapazit\u00e4t<\/li>\n<li>M\u00f6glichkeit zur Verwendung von Metallb\u00f6den oder Spanplatten\/Melaminplatten<\/li>\n<li>Gro\u00dfe Auswahl an Zubeh\u00f6r: Trennw\u00e4nde, Schubladen, Seitenw\u00e4nde sowie H\u00e4ngeregistertr\u00e4ger und Kleiderstangen (besonders n\u00fctzlich zur Aufbewahrung von Kleidung)<\/li>\n<li>Produkt getestet von der Polytechnischen Universit\u00e4t Valencia.<\/li>\n<\/ul>\n","protected":false},"excerpt":{"rendered":"<p>&nbsp; Die ALPA-Regale wurden so konzipiert, dass sie sich dank ihrer modularen Bauweise und einfachen Verstellbarkeit an m\u00f6glichst viele Umgebungen und Anforderungen anpassen lassen. Durch ihre Stabilit\u00e4t und den einfachen Aufbau (ganz ohne Schrauben) sind sie das optimale System f\u00fcr B\u00fcros, Archive, Lagerh\u00e4user usw Einige Vorteile dieses Produkts: Einfach zu montierendes Regal ohne Schrauben M\u00f6glichkeit, [&hellip;]<\/p>\n","protected":false},"author":1,"featured_media":10981,"comment_status":"closed","ping_status":"closed","sticky":false,"template":"","format":"standard","meta":{"_acf_changed":false,"footnotes":""},"categories":[18],"tags":[],"class_list":["post-10993","post","type-post","status-publish","format-standard","has-post-thumbnail","hentry","category-aktuelles"],"acf":[],"_links":{"self":[{"href":"https:\/\/kimer.com\/de\/wp-json\/wp\/v2\/posts\/10993","targetHints":{"allow":["GET"]}}],"collection":[{"href":"https:\/\/kimer.com\/de\/wp-json\/wp\/v2\/posts"}],"about":[{"href":"https:\/\/kimer.com\/de\/wp-json\/wp\/v2\/types\/post"}],"author":[{"embeddable":true,"href":"https:\/\/kimer.com\/de\/wp-json\/wp\/v2\/users\/1"}],"replies":[{"embeddable":true,"href":"https:\/\/kimer.com\/de\/wp-json\/wp\/v2\/comments?post=10993"}],"version-history":[{"count":1,"href":"https:\/\/kimer.com\/de\/wp-json\/wp\/v2\/posts\/10993\/revisions"}],"predecessor-version":[{"id":11646,"href":"https:\/\/kimer.com\/de\/wp-json\/wp\/v2\/posts\/10993\/revisions\/11646"}],"wp:featuredmedia":[{"embeddable":true,"href":"https:\/\/kimer.com\/de\/wp-json\/wp\/v2\/media\/10981"}],"wp:attachment":[{"href":"https:\/\/kimer.com\/de\/wp-json\/wp\/v2\/media?parent=10993"}],"wp:term":[{"taxonomy":"category","embeddable":true,"href":"https:\/\/kimer.com\/de\/wp-json\/wp\/v2\/categories?post=10993"},{"taxonomy":"post_tag","embeddable":true,"href":"https:\/\/kimer.com\/de\/wp-json\/wp\/v2\/tags?post=10993"}],"curies":[{"name":"wp","href":"https:\/\/api.w.org\/{rel}","templated":true}]}}