{"id":11034,"date":"2016-05-17T12:01:08","date_gmt":"2016-05-17T10:01:08","guid":{"rendered":"https:\/\/kimer.logisprix.com\/kimer-regalsysteme-wird-auf-der-cemat-2016-in-hannover-vertreten-sein\/"},"modified":"2025-07-22T13:00:09","modified_gmt":"2025-07-22T11:00:09","slug":"kimer-regalsysteme-wird-auf-der-cemat-2016-in-hannover-vertreten-sein","status":"publish","type":"post","link":"https:\/\/kimer.com\/de\/kimer-regalsysteme-wird-auf-der-cemat-2016-in-hannover-vertreten-sein\/","title":{"rendered":"KIMER Regalsysteme wird auf der CeMAT 2016 in Hannover vertreten sein."},"content":{"rendered":"<p><img fetchpriority=\"high\" decoding=\"async\" class=\" wp-image-10999 aligncenter\" src=\"https:\/\/kimer.logisprix.com\/wp-content\/uploads\/2025\/07\/kimer-estanterias-estara-presente-en-cemat-2016-hannover-300x160.webp\" alt=\"KIMER Regalsysteme wird auf der CeMAT 2016 in Hannover vertreten sein.\" width=\"518\" height=\"276\" srcset=\"https:\/\/kimer.com\/wp-content\/uploads\/2025\/07\/kimer-estanterias-estara-presente-en-cemat-2016-hannover-300x160.webp 300w, https:\/\/kimer.com\/wp-content\/uploads\/2025\/07\/kimer-estanterias-estara-presente-en-cemat-2016-hannover.webp 750w\" sizes=\"(max-width: 518px) 100vw, 518px\" \/><\/p>\n<p>&nbsp;<\/p>\n<p><span style=\"font-weight: 400;\">KIMER Regalsysteme wird erneut an der <strong>CeMAT in Hannover<\/strong> teilnehmen \u2013 zweifellos eine der wichtigsten Messen f\u00fcr die Logistikbranche in Europa. Nach dem gro\u00dfen Erfolg auf der LogiMAT Stuttgart 2016 kommt KIMER mit gro\u00dfer Motivation nach Hannover, um dem internationalen Markt weiterhin seine Lagerl\u00f6sungen zu pr\u00e4sentieren. <\/span><\/p>\n<p><span style=\"font-weight: 400;\">Diesmal wird sich KIMER auf seine neuesten Innovationen <strong>f\u00fcr mittlere und schwere Lasten konzentrieren<\/strong>. Zu den vorgestellten Produkten geh\u00f6ren: <\/span><\/p>\n<ul>\n<li><strong>Kommissionierregale<\/strong><\/li>\n<li><strong>Zwischengeschoss (Mezzanine)<\/strong><\/li>\n<li><strong>Konventionelle Palettenregale<\/strong><\/li>\n<li><strong>Kompakte Palettenregale&#8230;<\/strong><\/li>\n<\/ul>\n<p><span style=\"font-weight: 400;\">Sie finden uns in der <strong>Halle 13, Stand B45, vom 31. Mai bis 3. Juni<\/strong>. Unser Team freut sich darauf, Ihre Anforderungen zu erf\u00fcllen. Wir freuen uns auf Ihren Besuch!  <\/span><\/p>\n","protected":false},"excerpt":{"rendered":"<p>&nbsp; KIMER Regalsysteme wird erneut an der CeMAT in Hannover teilnehmen \u2013 zweifellos eine der wichtigsten Messen f\u00fcr die Logistikbranche in Europa. Nach dem gro\u00dfen Erfolg auf der LogiMAT Stuttgart 2016 kommt KIMER mit gro\u00dfer Motivation nach Hannover, um dem internationalen Markt weiterhin seine Lagerl\u00f6sungen zu pr\u00e4sentieren. Diesmal wird sich KIMER auf seine neuesten Innovationen [&hellip;]<\/p>\n","protected":false},"author":1,"featured_media":11002,"comment_status":"closed","ping_status":"closed","sticky":false,"template":"","format":"standard","meta":{"_acf_changed":false,"footnotes":""},"categories":[18],"tags":[],"class_list":["post-11034","post","type-post","status-publish","format-standard","has-post-thumbnail","hentry","category-aktuelles"],"acf":[],"_links":{"self":[{"href":"https:\/\/kimer.com\/de\/wp-json\/wp\/v2\/posts\/11034","targetHints":{"allow":["GET"]}}],"collection":[{"href":"https:\/\/kimer.com\/de\/wp-json\/wp\/v2\/posts"}],"about":[{"href":"https:\/\/kimer.com\/de\/wp-json\/wp\/v2\/types\/post"}],"author":[{"embeddable":true,"href":"https:\/\/kimer.com\/de\/wp-json\/wp\/v2\/users\/1"}],"replies":[{"embeddable":true,"href":"https:\/\/kimer.com\/de\/wp-json\/wp\/v2\/comments?post=11034"}],"version-history":[{"count":1,"href":"https:\/\/kimer.com\/de\/wp-json\/wp\/v2\/posts\/11034\/revisions"}],"predecessor-version":[{"id":11648,"href":"https:\/\/kimer.com\/de\/wp-json\/wp\/v2\/posts\/11034\/revisions\/11648"}],"wp:featuredmedia":[{"embeddable":true,"href":"https:\/\/kimer.com\/de\/wp-json\/wp\/v2\/media\/11002"}],"wp:attachment":[{"href":"https:\/\/kimer.com\/de\/wp-json\/wp\/v2\/media?parent=11034"}],"wp:term":[{"taxonomy":"category","embeddable":true,"href":"https:\/\/kimer.com\/de\/wp-json\/wp\/v2\/categories?post=11034"},{"taxonomy":"post_tag","embeddable":true,"href":"https:\/\/kimer.com\/de\/wp-json\/wp\/v2\/tags?post=11034"}],"curies":[{"name":"wp","href":"https:\/\/api.w.org\/{rel}","templated":true}]}}