{"id":11058,"date":"2017-03-26T12:26:46","date_gmt":"2017-03-26T10:26:46","guid":{"rendered":"https:\/\/kimer.logisprix.com\/kimer-regalsysteme-auf-der-logimat-stuttgart-2017-vertreten\/"},"modified":"2025-07-22T12:59:50","modified_gmt":"2025-07-22T10:59:50","slug":"kimer-regalsysteme-auf-der-logimat-stuttgart-2017-vertreten","status":"publish","type":"post","link":"https:\/\/kimer.com\/de\/kimer-regalsysteme-auf-der-logimat-stuttgart-2017-vertreten\/","title":{"rendered":"KIMER Regalsysteme auf der LOGIMAT Stuttgart 2017 vertreten"},"content":{"rendered":"<p><img fetchpriority=\"high\" decoding=\"async\" class=\" wp-image-11048 aligncenter\" src=\"https:\/\/kimer.logisprix.com\/wp-content\/uploads\/2025\/07\/kimer-estanterias-presente-en-la-feria-logimat-stuttgart-2017-300x160.webp\" alt=\"KIMER Regalsysteme auf der LOGIMAT Stuttgart 2017 vertreten\" width=\"534\" height=\"285\" srcset=\"https:\/\/kimer.com\/wp-content\/uploads\/2025\/07\/kimer-estanterias-presente-en-la-feria-logimat-stuttgart-2017-300x160.webp 300w, https:\/\/kimer.com\/wp-content\/uploads\/2025\/07\/kimer-estanterias-presente-en-la-feria-logimat-stuttgart-2017.webp 750w\" sizes=\"(max-width: 534px) 100vw, 534px\" \/><\/p>\n<p>&nbsp;<\/p>\n<p><span style=\"font-weight: 400;\">Erneut hatte <strong>KIMER <\/strong>die Gelegenheit, auf einer der weltweit renommiertesten Fachmessen der Branche pr\u00e4sent zu sein. Zum <strong>sechsten Mal in Folge pr\u00e4sentierte<\/strong> KIMER seine breite <strong>Produktpalette sowie die Innovationen, die es 2017 auf den Markt bringt.<\/strong> Vom 14. bis 16. M\u00e4rz hatten Unternehmen und Fachleute die M\u00f6glichkeit, die fortschrittlichsten L\u00f6sungen, neuen Technologien und Produkte aus erster Hand kennenzulernen, Erfahrungen auszutauschen und sich mit den neuesten Trends auf diesem Gebiet vertraut zu machen. <\/span><\/p>\n<p><span style=\"font-weight: 400;\"><strong>Halle 1, Stand 1 A 10<\/strong> war dank seines hervorragenden Designs und seiner Struktur zweifellos einer der meistfotografierten St\u00e4nde.<\/span><\/p>\n","protected":false},"excerpt":{"rendered":"<p>&nbsp; Erneut hatte KIMER die Gelegenheit, auf einer der weltweit renommiertesten Fachmessen der Branche pr\u00e4sent zu sein. Zum sechsten Mal in Folge pr\u00e4sentierte KIMER seine breite Produktpalette sowie die Innovationen, die es 2017 auf den Markt bringt. Vom 14. bis 16. M\u00e4rz hatten Unternehmen und Fachleute die M\u00f6glichkeit, die fortschrittlichsten L\u00f6sungen, neuen Technologien und Produkte [&hellip;]<\/p>\n","protected":false},"author":1,"featured_media":11051,"comment_status":"closed","ping_status":"closed","sticky":false,"template":"","format":"standard","meta":{"_acf_changed":false,"footnotes":""},"categories":[18],"tags":[],"class_list":["post-11058","post","type-post","status-publish","format-standard","has-post-thumbnail","hentry","category-aktuelles"],"acf":[],"_links":{"self":[{"href":"https:\/\/kimer.com\/de\/wp-json\/wp\/v2\/posts\/11058","targetHints":{"allow":["GET"]}}],"collection":[{"href":"https:\/\/kimer.com\/de\/wp-json\/wp\/v2\/posts"}],"about":[{"href":"https:\/\/kimer.com\/de\/wp-json\/wp\/v2\/types\/post"}],"author":[{"embeddable":true,"href":"https:\/\/kimer.com\/de\/wp-json\/wp\/v2\/users\/1"}],"replies":[{"embeddable":true,"href":"https:\/\/kimer.com\/de\/wp-json\/wp\/v2\/comments?post=11058"}],"version-history":[{"count":1,"href":"https:\/\/kimer.com\/de\/wp-json\/wp\/v2\/posts\/11058\/revisions"}],"predecessor-version":[{"id":11640,"href":"https:\/\/kimer.com\/de\/wp-json\/wp\/v2\/posts\/11058\/revisions\/11640"}],"wp:featuredmedia":[{"embeddable":true,"href":"https:\/\/kimer.com\/de\/wp-json\/wp\/v2\/media\/11051"}],"wp:attachment":[{"href":"https:\/\/kimer.com\/de\/wp-json\/wp\/v2\/media?parent=11058"}],"wp:term":[{"taxonomy":"category","embeddable":true,"href":"https:\/\/kimer.com\/de\/wp-json\/wp\/v2\/categories?post=11058"},{"taxonomy":"post_tag","embeddable":true,"href":"https:\/\/kimer.com\/de\/wp-json\/wp\/v2\/tags?post=11058"}],"curies":[{"name":"wp","href":"https:\/\/api.w.org\/{rel}","templated":true}]}}