{"id":11072,"date":"2017-10-16T12:36:05","date_gmt":"2017-10-16T10:36:05","guid":{"rendered":"https:\/\/kimer.logisprix.com\/kimer-wird-zum-sechsten-mal-in-folge-auf-der-empack-logistics-2017-in-madrid-vertreten-sein\/"},"modified":"2025-07-22T12:59:49","modified_gmt":"2025-07-22T10:59:49","slug":"kimer-wird-zum-sechsten-mal-in-folge-auf-der-empack-logistics-2017-in-madrid-vertreten-sein","status":"publish","type":"post","link":"https:\/\/kimer.com\/de\/kimer-wird-zum-sechsten-mal-in-folge-auf-der-empack-logistics-2017-in-madrid-vertreten-sein\/","title":{"rendered":"KIMER wird zum sechsten Mal in Folge auf der EMPACK &amp; LOGISTICS 2017 in Madrid vertreten sein"},"content":{"rendered":"<p><img fetchpriority=\"high\" decoding=\"async\" class=\" wp-image-11062 aligncenter\" src=\"https:\/\/kimer.logisprix.com\/wp-content\/uploads\/2025\/07\/kimer-estara-presente-por-sexto-ano-consecutivo-en-empack-logistics-2017-en-madrid-300x160.webp\" alt=\"KIMER wird zum sechsten Mal in Folge auf der EMPACK &amp; LOGISTICS 2017 in Madrid vertreten sein\" width=\"951\" height=\"507\" srcset=\"https:\/\/kimer.com\/wp-content\/uploads\/2025\/07\/kimer-estara-presente-por-sexto-ano-consecutivo-en-empack-logistics-2017-en-madrid-300x160.webp 300w, https:\/\/kimer.com\/wp-content\/uploads\/2025\/07\/kimer-estara-presente-por-sexto-ano-consecutivo-en-empack-logistics-2017-en-madrid.webp 750w\" sizes=\"(max-width: 951px) 100vw, 951px\" \/><\/p>\n<p>&nbsp;<\/p>\n<p><span style=\"font-weight: 400;\">KIMER Regalsysteme wird erneut, zum sechsten Mal in Folge, an einer der wichtigsten Messen der Lagerbranche auf nationaler Ebene teilnehmen. Am 7. und 8. November in Madrid wird KIMER die Gelegenheit haben, seine L\u00f6sungen dem internationalen Markt zu pr\u00e4sentieren. <\/span><\/p>\n<p><strong>Damit beendet KIMER sein Veranstaltungsprogramm f\u00fcr 2017, ein Jahr, das von wesentlichen Verbesserungen im Bereich Palettierung und Kommissionierung gepr\u00e4gt ist. <\/strong><\/p>\n","protected":false},"excerpt":{"rendered":"<p>&nbsp; KIMER Regalsysteme wird erneut, zum sechsten Mal in Folge, an einer der wichtigsten Messen der Lagerbranche auf nationaler Ebene teilnehmen. Am 7. und 8. November in Madrid wird KIMER die Gelegenheit haben, seine L\u00f6sungen dem internationalen Markt zu pr\u00e4sentieren. Damit beendet KIMER sein Veranstaltungsprogramm f\u00fcr 2017, ein Jahr, das von wesentlichen Verbesserungen im Bereich [&hellip;]<\/p>\n","protected":false},"author":1,"featured_media":11065,"comment_status":"closed","ping_status":"closed","sticky":false,"template":"","format":"standard","meta":{"_acf_changed":false,"footnotes":""},"categories":[18],"tags":[],"class_list":["post-11072","post","type-post","status-publish","format-standard","has-post-thumbnail","hentry","category-aktuelles"],"acf":[],"_links":{"self":[{"href":"https:\/\/kimer.com\/de\/wp-json\/wp\/v2\/posts\/11072","targetHints":{"allow":["GET"]}}],"collection":[{"href":"https:\/\/kimer.com\/de\/wp-json\/wp\/v2\/posts"}],"about":[{"href":"https:\/\/kimer.com\/de\/wp-json\/wp\/v2\/types\/post"}],"author":[{"embeddable":true,"href":"https:\/\/kimer.com\/de\/wp-json\/wp\/v2\/users\/1"}],"replies":[{"embeddable":true,"href":"https:\/\/kimer.com\/de\/wp-json\/wp\/v2\/comments?post=11072"}],"version-history":[{"count":1,"href":"https:\/\/kimer.com\/de\/wp-json\/wp\/v2\/posts\/11072\/revisions"}],"predecessor-version":[{"id":11638,"href":"https:\/\/kimer.com\/de\/wp-json\/wp\/v2\/posts\/11072\/revisions\/11638"}],"wp:featuredmedia":[{"embeddable":true,"href":"https:\/\/kimer.com\/de\/wp-json\/wp\/v2\/media\/11065"}],"wp:attachment":[{"href":"https:\/\/kimer.com\/de\/wp-json\/wp\/v2\/media?parent=11072"}],"wp:term":[{"taxonomy":"category","embeddable":true,"href":"https:\/\/kimer.com\/de\/wp-json\/wp\/v2\/categories?post=11072"},{"taxonomy":"post_tag","embeddable":true,"href":"https:\/\/kimer.com\/de\/wp-json\/wp\/v2\/tags?post=11072"}],"curies":[{"name":"wp","href":"https:\/\/api.w.org\/{rel}","templated":true}]}}