{"id":11123,"date":"2016-03-16T13:02:16","date_gmt":"2016-03-16T12:02:16","guid":{"rendered":"https:\/\/kimer.logisprix.com\/kimer-praesentierte-auf-der-logimat-2016-seine-loesungen-fuer-den-internationalen-markt\/"},"modified":"2025-07-22T13:00:11","modified_gmt":"2025-07-22T11:00:11","slug":"kimer-praesentierte-auf-der-logimat-2016-seine-loesungen-fuer-den-internationalen-markt","status":"publish","type":"post","link":"https:\/\/kimer.com\/de\/kimer-prasentierte-auf-der-logimat2016-seine-losungen-fur-den-internationalen-markt\/","title":{"rendered":"Kimer pr\u00e4sentierte auf der LogiMAT 2016 seine L\u00f6sungen f\u00fcr den internationalen Markt"},"content":{"rendered":"<p><b>Kimer Regalsysteme war mit einem eigenen Stand auf der LogiMAT 2016 vertreten \u2013 der gr\u00f6\u00dften Fachmesse f\u00fcr Intralogistik-L\u00f6sungen in Europa.<\/b><span style=\"font-weight: 400;\">. Vom 8. bis 10. M\u00e4rz in Stuttgart hatten Unternehmen und Fachleute die Gelegenheit, sich aus erster Hand \u00fcber die fortschrittlichsten L\u00f6sungen, neue Technologien und Produkte zu informieren, Erfahrungen auszutauschen und sich mit den neuesten Branchentrends vertraut zu machen.<\/span><\/p>\n<p><span style=\"font-weight: 400;\">Kimer nutzte die 14. Ausgabe der LogiMAT<\/span><b>, um seine breite Produktpalette und L\u00f6sungen<\/b><span style=\"font-weight: 400;\"> f\u00fcr verschiedene Anforderungen zu pr\u00e4sentieren \u2013 von leichten \u00fcber mittlere bis hin zu palettierten Lasten, f\u00fcr zahlreiche Branchen. Eine weitere St\u00e4rke von Kimer ist sein  <\/span><b>starkes Engagement in Forschung, Entwicklung und Innovation. Besonders hervorgehoben wurde auf der LogiMAT das automatisierte System \u201eShuttle\u201c, <\/b><span style=\"font-weight: 400;\">das gro\u00dfen Anklang fand.<\/span><\/p>\n<p>&nbsp;<\/p>\n<p><img fetchpriority=\"high\" decoding=\"async\" class=\"wp-image-11108 aligncenter\" src=\"https:\/\/kimer.logisprix.com\/wp-content\/uploads\/2025\/07\/kimer-mostro-en-logimat-2016-sus-soluciones-al-mercado-internacional-300x160.webp\" alt=\"Kimer pr\u00e4sentierte auf der LogiMAT 2016 seine L\u00f6sungen f\u00fcr den internationalen Markt\" width=\"779\" height=\"416\" srcset=\"https:\/\/kimer.com\/wp-content\/uploads\/2025\/07\/kimer-mostro-en-logimat-2016-sus-soluciones-al-mercado-internacional-300x160.webp 300w, https:\/\/kimer.com\/wp-content\/uploads\/2025\/07\/kimer-mostro-en-logimat-2016-sus-soluciones-al-mercado-internacional.webp 750w\" sizes=\"(max-width: 779px) 100vw, 779px\" \/><\/p>\n<p>&nbsp;<\/p>\n<p><span style=\"font-weight: 400;\">Internationale Messen sind eine hervorragende Plattform f\u00fcr Unternehmen wie Kimer. Wie<\/span> <b>Gesch\u00e4ftsf\u00fchrer Alberto Pallard\u00f3 betont<\/b> <i><span style=\"font-weight: 400;\">: \u201eKIMER Regalsysteme entwirft und produziert seit \u00fcber 50 Jahren Lagerl\u00f6sungen. Wir sind ein international t\u00e4tiges Unternehmen mit kommerzieller Pr\u00e4senz in \u00fcber 30 L\u00e4ndern. Daher ist unsere Teilnahme an der LogiMAT unerl\u00e4sslich, um zu zeigen, dass sowohl unsere Produkte als auch unser Kundenservice Ma\u00dfst\u00e4be in der Branche setzen.\u201c  <\/span><\/i><span style=\"font-weight: 400;\">.<\/span><\/p>\n","protected":false},"excerpt":{"rendered":"<p>Kimer Regalsysteme war mit einem eigenen Stand auf der LogiMAT 2016 vertreten \u2013 der gr\u00f6\u00dften Fachmesse f\u00fcr Intralogistik-L\u00f6sungen in Europa.. Vom 8. bis 10. M\u00e4rz in Stuttgart hatten Unternehmen und Fachleute die Gelegenheit, sich aus erster Hand \u00fcber die fortschrittlichsten L\u00f6sungen, neue Technologien und Produkte zu informieren, Erfahrungen auszutauschen und sich mit den neuesten Branchentrends [&hellip;]<\/p>\n","protected":false},"author":1,"featured_media":11111,"comment_status":"closed","ping_status":"closed","sticky":false,"template":"","format":"standard","meta":{"_acf_changed":false,"footnotes":""},"categories":[18],"tags":[],"class_list":["post-11123","post","type-post","status-publish","format-standard","has-post-thumbnail","hentry","category-aktuelles"],"acf":[],"_links":{"self":[{"href":"https:\/\/kimer.com\/de\/wp-json\/wp\/v2\/posts\/11123","targetHints":{"allow":["GET"]}}],"collection":[{"href":"https:\/\/kimer.com\/de\/wp-json\/wp\/v2\/posts"}],"about":[{"href":"https:\/\/kimer.com\/de\/wp-json\/wp\/v2\/types\/post"}],"author":[{"embeddable":true,"href":"https:\/\/kimer.com\/de\/wp-json\/wp\/v2\/users\/1"}],"replies":[{"embeddable":true,"href":"https:\/\/kimer.com\/de\/wp-json\/wp\/v2\/comments?post=11123"}],"version-history":[{"count":1,"href":"https:\/\/kimer.com\/de\/wp-json\/wp\/v2\/posts\/11123\/revisions"}],"predecessor-version":[{"id":11650,"href":"https:\/\/kimer.com\/de\/wp-json\/wp\/v2\/posts\/11123\/revisions\/11650"}],"wp:featuredmedia":[{"embeddable":true,"href":"https:\/\/kimer.com\/de\/wp-json\/wp\/v2\/media\/11111"}],"wp:attachment":[{"href":"https:\/\/kimer.com\/de\/wp-json\/wp\/v2\/media?parent=11123"}],"wp:term":[{"taxonomy":"category","embeddable":true,"href":"https:\/\/kimer.com\/de\/wp-json\/wp\/v2\/categories?post=11123"},{"taxonomy":"post_tag","embeddable":true,"href":"https:\/\/kimer.com\/de\/wp-json\/wp\/v2\/tags?post=11123"}],"curies":[{"name":"wp","href":"https:\/\/api.w.org\/{rel}","templated":true}]}}