{"id":11166,"date":"2016-11-04T13:27:50","date_gmt":"2016-11-04T12:27:50","guid":{"rendered":"https:\/\/kimer.logisprix.com\/kimer-wird-wieder-auf-der-messe-empack-2016-in-madrid-vertreten-sein\/"},"modified":"2025-07-22T12:59:52","modified_gmt":"2025-07-22T10:59:52","slug":"kimer-wird-wieder-auf-der-messe-empack-2016-in-madrid-vertreten-sein","status":"publish","type":"post","link":"https:\/\/kimer.com\/de\/kimer-wird-wieder-auf-der-messe-empack-2016-in-madrid-vertreten-sein\/","title":{"rendered":"KIMER Wird Wieder Auf Der Messe Empack 2016 In Madrid Vertreten Sein"},"content":{"rendered":"<p><img fetchpriority=\"high\" decoding=\"async\" class=\" wp-image-11153 aligncenter\" src=\"https:\/\/kimer.logisprix.com\/wp-content\/uploads\/2025\/07\/kimer-volvera-estar-presente-en-la-feria-empack-2016-madrid-300x160.webp\" alt=\"KIMER Wird Wieder Auf Der Messe Empack 2016 In Madrid Vertreten Sein\" width=\"765\" height=\"408\" srcset=\"https:\/\/kimer.com\/wp-content\/uploads\/2025\/07\/kimer-volvera-estar-presente-en-la-feria-empack-2016-madrid-300x160.webp 300w, https:\/\/kimer.com\/wp-content\/uploads\/2025\/07\/kimer-volvera-estar-presente-en-la-feria-empack-2016-madrid.webp 750w\" sizes=\"(max-width: 765px) 100vw, 765px\" \/><\/p>\n<p>&nbsp;<\/p>\n<p><span style=\"font-weight: 400;\">KIMER Regalsysteme wird erneut auf einer der wichtigsten Messen der Lagerbranche auf nationaler Ebene vertreten sein. Am 23. und 24. November in Madrid wird KIMER die Gelegenheit haben, seine L\u00f6sungen dem internationalen Markt zu pr\u00e4sentieren. <\/span><\/p>\n<p><span style=\"font-weight: 400;\">Damit beendet KIMER sein Veranstaltungsprogramm f\u00fcr 2016, ein Jahr gepr\u00e4gt von Innovation und Entwicklung, da KIMER neue Lagersysteme eingef\u00fchrt hat, die sehr gut angenommen werden. <\/span><\/p>\n<p><strong>Wir freuen uns darauf, Sie am 23. und 24. November am Stand H08 zu begr\u00fc\u00dfen.<\/strong><\/p>\n","protected":false},"excerpt":{"rendered":"<p>&nbsp; KIMER Regalsysteme wird erneut auf einer der wichtigsten Messen der Lagerbranche auf nationaler Ebene vertreten sein. Am 23. und 24. November in Madrid wird KIMER die Gelegenheit haben, seine L\u00f6sungen dem internationalen Markt zu pr\u00e4sentieren. Damit beendet KIMER sein Veranstaltungsprogramm f\u00fcr 2016, ein Jahr gepr\u00e4gt von Innovation und Entwicklung, da KIMER neue Lagersysteme eingef\u00fchrt [&hellip;]<\/p>\n","protected":false},"author":1,"featured_media":11156,"comment_status":"closed","ping_status":"closed","sticky":false,"template":"","format":"standard","meta":{"_acf_changed":false,"footnotes":""},"categories":[18],"tags":[],"class_list":["post-11166","post","type-post","status-publish","format-standard","has-post-thumbnail","hentry","category-aktuelles"],"acf":[],"_links":{"self":[{"href":"https:\/\/kimer.com\/de\/wp-json\/wp\/v2\/posts\/11166","targetHints":{"allow":["GET"]}}],"collection":[{"href":"https:\/\/kimer.com\/de\/wp-json\/wp\/v2\/posts"}],"about":[{"href":"https:\/\/kimer.com\/de\/wp-json\/wp\/v2\/types\/post"}],"author":[{"embeddable":true,"href":"https:\/\/kimer.com\/de\/wp-json\/wp\/v2\/users\/1"}],"replies":[{"embeddable":true,"href":"https:\/\/kimer.com\/de\/wp-json\/wp\/v2\/comments?post=11166"}],"version-history":[{"count":1,"href":"https:\/\/kimer.com\/de\/wp-json\/wp\/v2\/posts\/11166\/revisions"}],"predecessor-version":[{"id":11642,"href":"https:\/\/kimer.com\/de\/wp-json\/wp\/v2\/posts\/11166\/revisions\/11642"}],"wp:featuredmedia":[{"embeddable":true,"href":"https:\/\/kimer.com\/de\/wp-json\/wp\/v2\/media\/11156"}],"wp:attachment":[{"href":"https:\/\/kimer.com\/de\/wp-json\/wp\/v2\/media?parent=11166"}],"wp:term":[{"taxonomy":"category","embeddable":true,"href":"https:\/\/kimer.com\/de\/wp-json\/wp\/v2\/categories?post=11166"},{"taxonomy":"post_tag","embeddable":true,"href":"https:\/\/kimer.com\/de\/wp-json\/wp\/v2\/tags?post=11166"}],"curies":[{"name":"wp","href":"https:\/\/api.w.org\/{rel}","templated":true}]}}