{"id":10793,"date":"2020-04-25T09:00:03","date_gmt":"2020-04-25T07:00:03","guid":{"rendered":"https:\/\/kimer.logisprix.com\/actualite-le-covid-19-dans-le-monde-de-la-logistique\/"},"modified":"2025-07-22T12:58:53","modified_gmt":"2025-07-22T10:58:53","slug":"actualite-le-covid-19-dans-le-monde-de-la-logistique","status":"publish","type":"post","link":"https:\/\/kimer.com\/fr\/actualite-covid-ligistique\/","title":{"rendered":"ACTUALIT\u00c9 : LE COVID-19 DANS LE MONDE DE LA LOGISTIQUE"},"content":{"rendered":"<p><img fetchpriority=\"high\" decoding=\"async\" class=\"wp-image-10798 aligncenter\" src=\"https:\/\/kimer.com\/wp-content\/uploads\/2020\/04\/creamos-espacio-kimer-300x160.webp\" alt=\"\" width=\"701\" height=\"374\" srcset=\"https:\/\/kimer.com\/wp-content\/uploads\/2020\/04\/creamos-espacio-kimer-300x160.webp 300w, https:\/\/kimer.com\/wp-content\/uploads\/2020\/04\/creamos-espacio-kimer.webp 750w\" sizes=\"(max-width: 701px) 100vw, 701px\" \/><\/p>\n<p>&nbsp;<\/p>\n<p><span style=\"font-weight: 400;\">Les r\u00e9cents changements de la soci\u00e9t\u00e9 dus \u00e0 la crise du COVID-19 ont influenc\u00e9 tous les aspects de notre vie quotidienne : Nos habitudes de consommation, nos coutumes, nos projets\u2026<\/span><\/p>\n<p><span style=\"font-weight: 400;\">Le secteur logistique n\u2019a pas fait exception. Bien qu\u2019il se soit r\u00e9v\u00e9l\u00e9 indispensable dans un monde o\u00f9 les achats en ligne et la centralisation urbaine ne cessent de cro\u00eetre, il s\u2019agit d\u2019un march\u00e9 qui doit s\u2019adapter aux nouveaux besoins de la population.<\/span><\/p>\n<p><strong>L\u2019essor du commerce \u00e9lectronique<\/strong><\/p>\n<p><span style=\"font-weight: 400;\">Des entrep\u00f4ts informatis\u00e9s avec une forte demande de stock actif. Kimer recommande le syst\u00e8me Shuttle pour r\u00e9pondre \u00e0 ce type de besoins : un syst\u00e8me enti\u00e8rement automatis\u00e9, capable de transporter des palettes unitaires jusqu\u2019au d\u00e9but de leur all\u00e9e, supprimant ainsi le besoin de machines et assurant \u00e0 l\u2019entrep\u00f4t autonomie et fluidit\u00e9 dans le d\u00e9placement des palettes. <\/span><\/p>\n<p><img decoding=\"async\" class=\"alignnone wp-image-10763\" src=\"https:\/\/kimer.com\/wp-content\/uploads\/2025\/07\/noticia-actualidad-el-covid-19-kimer-03-300x225.webp\" alt=\"\" width=\"338\" height=\"254\" srcset=\"https:\/\/kimer.com\/wp-content\/uploads\/2025\/07\/noticia-actualidad-el-covid-19-kimer-03-300x225.webp 300w, https:\/\/kimer.com\/wp-content\/uploads\/2025\/07\/noticia-actualidad-el-covid-19-kimer-03-1024x768.webp 1024w, https:\/\/kimer.com\/wp-content\/uploads\/2025\/07\/noticia-actualidad-el-covid-19-kimer-03-768x576.webp 768w, https:\/\/kimer.com\/wp-content\/uploads\/2025\/07\/noticia-actualidad-el-covid-19-kimer-03-1536x1152.webp 1536w, https:\/\/kimer.com\/wp-content\/uploads\/2025\/07\/noticia-actualidad-el-covid-19-kimer-03.webp 1600w\" sizes=\"(max-width: 338px) 100vw, 338px\" \/> <img decoding=\"async\" class=\"alignnone size-medium wp-image-10771\" src=\"https:\/\/kimer.com\/wp-content\/uploads\/2025\/07\/noticia-actualidad-el-covid-19-kimer-300x253.webp\" alt=\"\" width=\"300\" height=\"253\" srcset=\"https:\/\/kimer.com\/wp-content\/uploads\/2025\/07\/noticia-actualidad-el-covid-19-kimer-300x253.webp 300w, https:\/\/kimer.com\/wp-content\/uploads\/2025\/07\/noticia-actualidad-el-covid-19-kimer-1024x864.webp 1024w, https:\/\/kimer.com\/wp-content\/uploads\/2025\/07\/noticia-actualidad-el-covid-19-kimer-768x648.webp 768w, https:\/\/kimer.com\/wp-content\/uploads\/2025\/07\/noticia-actualidad-el-covid-19-kimer.webp 1160w\" sizes=\"(max-width: 300px) 100vw, 300px\" \/><\/p>\n<p>&nbsp;<\/p>\n<p><strong>La centralisation des entrep\u00f4ts logistiques en ville<\/strong><\/p>\n<p><span style=\"font-weight: 400;\">Pour r\u00e9pondre plus rapidement aux besoins des clients.<\/span><\/p>\n<p><span style=\"font-weight: 400;\">Kimer est conscient des inconv\u00e9nients li\u00e9s \u00e0 une localisation plus centrale d\u2019un entrep\u00f4t et des limitations d\u2019espace que cela peut entra\u00eener. C\u2019est pourquoi l\u2019entreprise propose \u00e0 ses clients des syst\u00e8mes de palettisation compacte, dynamique et push-back \u2014 des solutions sp\u00e9cialis\u00e9es pour maximiser l\u2019espace disponible, \u00e0 choisir selon les besoins sp\u00e9cifiques de chaque entrep\u00f4t. <\/span><\/p>\n<p><img loading=\"lazy\" decoding=\"async\" class=\"alignnone wp-image-10759\" src=\"https:\/\/kimer.com\/wp-content\/uploads\/2025\/07\/noticia-actualidad-el-covid-19-kimer-04-300x169.webp\" alt=\"\" width=\"399\" height=\"225\" srcset=\"https:\/\/kimer.com\/wp-content\/uploads\/2025\/07\/noticia-actualidad-el-covid-19-kimer-04-300x169.webp 300w, https:\/\/kimer.com\/wp-content\/uploads\/2025\/07\/noticia-actualidad-el-covid-19-kimer-04-1024x576.webp 1024w, https:\/\/kimer.com\/wp-content\/uploads\/2025\/07\/noticia-actualidad-el-covid-19-kimer-04-768x432.webp 768w, https:\/\/kimer.com\/wp-content\/uploads\/2025\/07\/noticia-actualidad-el-covid-19-kimer-04-1536x864.webp 1536w, https:\/\/kimer.com\/wp-content\/uploads\/2025\/07\/noticia-actualidad-el-covid-19-kimer-04.webp 2016w\" sizes=\"(max-width: 399px) 100vw, 399px\" \/> <img loading=\"lazy\" decoding=\"async\" class=\"alignnone size-medium wp-image-10767\" src=\"https:\/\/kimer.com\/wp-content\/uploads\/2025\/07\/noticia-actualidad-el-covid-19-kimer-02-300x225.webp\" alt=\"\" width=\"300\" height=\"225\" srcset=\"https:\/\/kimer.com\/wp-content\/uploads\/2025\/07\/noticia-actualidad-el-covid-19-kimer-02-300x225.webp 300w, https:\/\/kimer.com\/wp-content\/uploads\/2025\/07\/noticia-actualidad-el-covid-19-kimer-02-1024x768.webp 1024w, https:\/\/kimer.com\/wp-content\/uploads\/2025\/07\/noticia-actualidad-el-covid-19-kimer-02-768x576.webp 768w, https:\/\/kimer.com\/wp-content\/uploads\/2025\/07\/noticia-actualidad-el-covid-19-kimer-02.webp 1280w\" sizes=\"(max-width: 300px) 100vw, 300px\" \/><\/p>\n","protected":false},"excerpt":{"rendered":"<p>&nbsp; Les r\u00e9cents changements de la soci\u00e9t\u00e9 dus \u00e0 la crise du COVID-19 ont influenc\u00e9 tous les aspects de notre vie quotidienne : Nos habitudes de consommation, nos coutumes, nos projets\u2026 Le secteur logistique n\u2019a pas fait exception. Bien qu\u2019il se soit r\u00e9v\u00e9l\u00e9 indispensable dans un monde o\u00f9 les achats en ligne et la centralisation [&hellip;]<\/p>\n","protected":false},"author":1,"featured_media":10761,"comment_status":"closed","ping_status":"closed","sticky":false,"template":"","format":"standard","meta":{"_acf_changed":false,"footnotes":""},"categories":[17],"tags":[],"class_list":["post-10793","post","type-post","status-publish","format-standard","has-post-thumbnail","hentry","category-actualites"],"acf":[],"_links":{"self":[{"href":"https:\/\/kimer.com\/fr\/wp-json\/wp\/v2\/posts\/10793","targetHints":{"allow":["GET"]}}],"collection":[{"href":"https:\/\/kimer.com\/fr\/wp-json\/wp\/v2\/posts"}],"about":[{"href":"https:\/\/kimer.com\/fr\/wp-json\/wp\/v2\/types\/post"}],"author":[{"embeddable":true,"href":"https:\/\/kimer.com\/fr\/wp-json\/wp\/v2\/users\/1"}],"replies":[{"embeddable":true,"href":"https:\/\/kimer.com\/fr\/wp-json\/wp\/v2\/comments?post=10793"}],"version-history":[{"count":1,"href":"https:\/\/kimer.com\/fr\/wp-json\/wp\/v2\/posts\/10793\/revisions"}],"predecessor-version":[{"id":10805,"href":"https:\/\/kimer.com\/fr\/wp-json\/wp\/v2\/posts\/10793\/revisions\/10805"}],"wp:featuredmedia":[{"embeddable":true,"href":"https:\/\/kimer.com\/fr\/wp-json\/wp\/v2\/media\/10761"}],"wp:attachment":[{"href":"https:\/\/kimer.com\/fr\/wp-json\/wp\/v2\/media?parent=10793"}],"wp:term":[{"taxonomy":"category","embeddable":true,"href":"https:\/\/kimer.com\/fr\/wp-json\/wp\/v2\/categories?post=10793"},{"taxonomy":"post_tag","embeddable":true,"href":"https:\/\/kimer.com\/fr\/wp-json\/wp\/v2\/tags?post=10793"}],"curies":[{"name":"wp","href":"https:\/\/api.w.org\/{rel}","templated":true}]}}