{"id":10885,"date":"2016-09-30T10:00:31","date_gmt":"2016-09-30T08:00:31","guid":{"rendered":"https:\/\/kimer.logisprix.com\/etude-de-cas-installation-de-rayonnage-a-palettes-sur-bases-mobiles\/"},"modified":"2025-07-22T12:59:05","modified_gmt":"2025-07-22T10:59:05","slug":"etude-de-cas-installation-de-rayonnage-a-palettes-sur-bases-mobiles","status":"publish","type":"post","link":"https:\/\/kimer.com\/fr\/etude-de-cas-installation-de-rayonnage-a-palettes-sur-bases-mobiles\/","title":{"rendered":"\u00c9tude de Cas : Installation de Rayonnage \u00e0 Palettes sur Bases Mobiles"},"content":{"rendered":"<p><img fetchpriority=\"high\" decoding=\"async\" class=\" wp-image-10877 aligncenter\" src=\"https:\/\/kimer.logisprix.com\/wp-content\/uploads\/2025\/07\/caso-pratico-kimer-instalacion-paletizacion-300x160.webp\" alt=\"\u00c9tude de Cas : Installation de Rayonnage \u00e0 Palettes sur Bases Mobiles\" width=\"613\" height=\"327\" srcset=\"https:\/\/kimer.com\/wp-content\/uploads\/2025\/07\/caso-pratico-kimer-instalacion-paletizacion-300x160.webp 300w, https:\/\/kimer.com\/wp-content\/uploads\/2025\/07\/caso-pratico-kimer-instalacion-paletizacion.webp 750w\" sizes=\"(max-width: 613px) 100vw, 613px\" \/><\/p>\n<p>&nbsp;<\/p>\n<p><span style=\"font-weight: 400;\">KIMER a r\u00e9cemment finalis\u00e9 l&rsquo;installation d&rsquo;un syst\u00e8me de rayonnage \u00e0 palettes sur bases mobiles pour un client bulgare important et reconnu. Dans ce projet, des montants de 10,5 m\u00e8tres de haut, capables de supporter 22 000 kg, ainsi que des lisses de 3,6 m\u00e8tres supportant 4 000 kg par paire ont \u00e9t\u00e9 utilis\u00e9s. <\/span><\/p>\n<p><span style=\"font-weight: 400;\">Le r\u00e9sultat final pour le client est un entrep\u00f4t avec une capacit\u00e9 totale de <strong>6 253 palettes europ\u00e9ennes et une augmentation de plus de 80 % de sa capacit\u00e9 de stockage.<\/strong><\/span><\/p>\n<p><span style=\"font-weight: 400;\">Une fois de plus, KIMER parvient \u00e0 concevoir, fabriquer et installer le meilleur syst\u00e8me de stockage possible pour r\u00e9pondre aux besoins du client.<\/span><\/p>\n","protected":false},"excerpt":{"rendered":"<p>&nbsp; KIMER a r\u00e9cemment finalis\u00e9 l&rsquo;installation d&rsquo;un syst\u00e8me de rayonnage \u00e0 palettes sur bases mobiles pour un client bulgare important et reconnu. Dans ce projet, des montants de 10,5 m\u00e8tres de haut, capables de supporter 22 000 kg, ainsi que des lisses de 3,6 m\u00e8tres supportant 4 000 kg par paire ont \u00e9t\u00e9 utilis\u00e9s. Le [&hellip;]<\/p>\n","protected":false},"author":1,"featured_media":10879,"comment_status":"closed","ping_status":"closed","sticky":false,"template":"","format":"standard","meta":{"_acf_changed":false,"footnotes":""},"categories":[17],"tags":[],"class_list":["post-10885","post","type-post","status-publish","format-standard","has-post-thumbnail","hentry","category-actualites"],"acf":[],"_links":{"self":[{"href":"https:\/\/kimer.com\/fr\/wp-json\/wp\/v2\/posts\/10885","targetHints":{"allow":["GET"]}}],"collection":[{"href":"https:\/\/kimer.com\/fr\/wp-json\/wp\/v2\/posts"}],"about":[{"href":"https:\/\/kimer.com\/fr\/wp-json\/wp\/v2\/types\/post"}],"author":[{"embeddable":true,"href":"https:\/\/kimer.com\/fr\/wp-json\/wp\/v2\/users\/1"}],"replies":[{"embeddable":true,"href":"https:\/\/kimer.com\/fr\/wp-json\/wp\/v2\/comments?post=10885"}],"version-history":[{"count":1,"href":"https:\/\/kimer.com\/fr\/wp-json\/wp\/v2\/posts\/10885\/revisions"}],"predecessor-version":[{"id":11625,"href":"https:\/\/kimer.com\/fr\/wp-json\/wp\/v2\/posts\/10885\/revisions\/11625"}],"wp:featuredmedia":[{"embeddable":true,"href":"https:\/\/kimer.com\/fr\/wp-json\/wp\/v2\/media\/10879"}],"wp:attachment":[{"href":"https:\/\/kimer.com\/fr\/wp-json\/wp\/v2\/media?parent=10885"}],"wp:term":[{"taxonomy":"category","embeddable":true,"href":"https:\/\/kimer.com\/fr\/wp-json\/wp\/v2\/categories?post=10885"},{"taxonomy":"post_tag","embeddable":true,"href":"https:\/\/kimer.com\/fr\/wp-json\/wp\/v2\/tags?post=10885"}],"curies":[{"name":"wp","href":"https:\/\/api.w.org\/{rel}","templated":true}]}}