{"id":10923,"date":"2016-06-30T10:33:43","date_gmt":"2016-06-30T08:33:43","guid":{"rendered":"https:\/\/kimer.logisprix.com\/etude-de-cas-installation-de-rayonnage-a-palettes-conventionnel-2\/"},"modified":"2025-07-22T12:59:06","modified_gmt":"2025-07-22T10:59:06","slug":"etude-de-cas-installation-de-rayonnage-a-palettes-conventionnel-2","status":"publish","type":"post","link":"https:\/\/kimer.com\/fr\/etude-de-cas-installation-de-rayonnage-a-palettes-conventionnel\/","title":{"rendered":"\u00c9tude de Cas : Installation de Rayonnage \u00e0 Palettes Conventionnel"},"content":{"rendered":"<p><img fetchpriority=\"high\" decoding=\"async\" class=\" wp-image-10909 aligncenter\" src=\"https:\/\/kimer.logisprix.com\/wp-content\/uploads\/2025\/07\/caso-practico-instalacion-estanteria-paletizada-convencional-300x160.webp\" alt=\"\u00c9tude de Cas : Installation de Rayonnage \u00e0 Palettes Conventionnel \" width=\"525\" height=\"280\" srcset=\"https:\/\/kimer.com\/wp-content\/uploads\/2025\/07\/caso-practico-instalacion-estanteria-paletizada-convencional-300x160.webp 300w, https:\/\/kimer.com\/wp-content\/uploads\/2025\/07\/caso-practico-instalacion-estanteria-paletizada-convencional.webp 750w\" sizes=\"(max-width: 525px) 100vw, 525px\" \/><\/p>\n<p>&nbsp;<\/p>\n<p><span style=\"font-weight: 400;\">Le 30 juin, KIMER Rayonnages a r\u00e9alis\u00e9 une installation de <strong>rayonnage \u00e0 palettes conventionnel<\/strong> pour une grande entreprise du secteur alimentaire.<\/span><\/p>\n<p><span style=\"font-weight: 400;\">Avec une surface d\u2019entrep\u00f4t de 4.700 m\u00b2, KIMER a opt\u00e9 pour le rayonnage \u00e0 palettes conventionnel comme solution la plus adapt\u00e9e aux besoins du client. <strong>Des montants de 10 m\u00e8tres de hauteur<\/strong> ont \u00e9t\u00e9 install\u00e9s, optimisant ainsi la hauteur de l\u2019entrep\u00f4t. Des cadres d&rsquo;une profondeur de 1,1 m\u00e8tre ont \u00e9t\u00e9 utilis\u00e9s, la mesure id\u00e9ale pour les palettes europ\u00e9ennes. Plusieurs longueurs de lisses ont \u00e9t\u00e9 utilis\u00e9es selon les besoins du client. Ces lisses peuvent supporter plus de 3.000 kg par paire.    <\/span><\/p>\n<p><span style=\"font-weight: 400;\">Une fois l\u2019installation termin\u00e9e, la cha\u00eene alimentaire disposait d\u2019un espace de stockage de <strong>8.450 palettes europ\u00e9ennes<\/strong> \u2014 r\u00e9pondant une fois de plus aux attentes de nos clients. <\/span><\/p>\n<p>&nbsp;<\/p>\n","protected":false},"excerpt":{"rendered":"<p>&nbsp; Le 30 juin, KIMER Rayonnages a r\u00e9alis\u00e9 une installation de rayonnage \u00e0 palettes conventionnel pour une grande entreprise du secteur alimentaire. Avec une surface d\u2019entrep\u00f4t de 4.700 m\u00b2, KIMER a opt\u00e9 pour le rayonnage \u00e0 palettes conventionnel comme solution la plus adapt\u00e9e aux besoins du client. Des montants de 10 m\u00e8tres de hauteur ont [&hellip;]<\/p>\n","protected":false},"author":1,"featured_media":10911,"comment_status":"closed","ping_status":"closed","sticky":false,"template":"","format":"standard","meta":{"_acf_changed":false,"footnotes":""},"categories":[17],"tags":[],"class_list":["post-10923","post","type-post","status-publish","format-standard","has-post-thumbnail","hentry","category-actualites"],"acf":[],"_links":{"self":[{"href":"https:\/\/kimer.com\/fr\/wp-json\/wp\/v2\/posts\/10923","targetHints":{"allow":["GET"]}}],"collection":[{"href":"https:\/\/kimer.com\/fr\/wp-json\/wp\/v2\/posts"}],"about":[{"href":"https:\/\/kimer.com\/fr\/wp-json\/wp\/v2\/types\/post"}],"author":[{"embeddable":true,"href":"https:\/\/kimer.com\/fr\/wp-json\/wp\/v2\/users\/1"}],"replies":[{"embeddable":true,"href":"https:\/\/kimer.com\/fr\/wp-json\/wp\/v2\/comments?post=10923"}],"version-history":[{"count":1,"href":"https:\/\/kimer.com\/fr\/wp-json\/wp\/v2\/posts\/10923\/revisions"}],"predecessor-version":[{"id":11627,"href":"https:\/\/kimer.com\/fr\/wp-json\/wp\/v2\/posts\/10923\/revisions\/11627"}],"wp:featuredmedia":[{"embeddable":true,"href":"https:\/\/kimer.com\/fr\/wp-json\/wp\/v2\/media\/10911"}],"wp:attachment":[{"href":"https:\/\/kimer.com\/fr\/wp-json\/wp\/v2\/media?parent=10923"}],"wp:term":[{"taxonomy":"category","embeddable":true,"href":"https:\/\/kimer.com\/fr\/wp-json\/wp\/v2\/categories?post=10923"},{"taxonomy":"post_tag","embeddable":true,"href":"https:\/\/kimer.com\/fr\/wp-json\/wp\/v2\/tags?post=10923"}],"curies":[{"name":"wp","href":"https:\/\/api.w.org\/{rel}","templated":true}]}}