{"id":10945,"date":"2025-03-20T11:00:10","date_gmt":"2025-03-20T10:00:10","guid":{"rendered":"https:\/\/kimer.logisprix.com\/departement-rd-et-design-propre\/"},"modified":"2025-07-22T12:59:00","modified_gmt":"2025-07-22T10:59:00","slug":"departement-rd-et-design-propre","status":"publish","type":"post","link":"https:\/\/kimer.com\/fr\/departement-rd-et-design-propre\/","title":{"rendered":"D\u00e9partement R&amp;D et Design Propre"},"content":{"rendered":"<p><img fetchpriority=\"high\" decoding=\"async\" class=\" wp-image-10938 aligncenter\" src=\"https:\/\/kimer.com\/wp-content\/uploads\/2025\/07\/Departamento-de-ID-y-Diseno-propio-300x160.webp\" alt=\"D\u00e9partement R&amp;D et Design Propre\" width=\"510\" height=\"272\" srcset=\"https:\/\/kimer.com\/wp-content\/uploads\/2025\/07\/Departamento-de-ID-y-Diseno-propio-300x160.webp 300w, https:\/\/kimer.com\/wp-content\/uploads\/2025\/07\/Departamento-de-ID-y-Diseno-propio.webp 750w\" sizes=\"(max-width: 510px) 100vw, 510px\" \/><\/p>\n<p>&nbsp;<\/p>\n<p><span style=\"font-weight: 400;\">Si vous pensez que les \u00e9tag\u00e8res m\u00e9talliques sont ennuyeuses ou d\u00e9pass\u00e9es, vous devriez donner une chance \u00e0 notre \u00e9quipe technique.<\/span><\/p>\n<p><span style=\"font-weight: 400;\">Il s&rsquo;agit d&rsquo;un syst\u00e8me de stockage orient\u00e9 client, avec un aspect moderne et innovant, adapt\u00e9 au style industriel si courant dans les tendances actuelles. Il allie innovation et cr\u00e9ativit\u00e9, offrant un r\u00e9sultat esth\u00e9tique ainsi qu\u2019un stockage optimal et pratique pour le client final. <\/span><\/p>\n<p><span style=\"font-weight: 400;\">#kimer #commerce #rayonnage #logistique<\/span><\/p>\n","protected":false},"excerpt":{"rendered":"<p>&nbsp; Si vous pensez que les \u00e9tag\u00e8res m\u00e9talliques sont ennuyeuses ou d\u00e9pass\u00e9es, vous devriez donner une chance \u00e0 notre \u00e9quipe technique. Il s&rsquo;agit d&rsquo;un syst\u00e8me de stockage orient\u00e9 client, avec un aspect moderne et innovant, adapt\u00e9 au style industriel si courant dans les tendances actuelles. Il allie innovation et cr\u00e9ativit\u00e9, offrant un r\u00e9sultat esth\u00e9tique ainsi [&hellip;]<\/p>\n","protected":false},"author":1,"featured_media":10940,"comment_status":"closed","ping_status":"closed","sticky":false,"template":"","format":"standard","meta":{"_acf_changed":false,"footnotes":""},"categories":[17],"tags":[],"class_list":["post-10945","post","type-post","status-publish","format-standard","has-post-thumbnail","hentry","category-actualites"],"acf":[],"_links":{"self":[{"href":"https:\/\/kimer.com\/fr\/wp-json\/wp\/v2\/posts\/10945","targetHints":{"allow":["GET"]}}],"collection":[{"href":"https:\/\/kimer.com\/fr\/wp-json\/wp\/v2\/posts"}],"about":[{"href":"https:\/\/kimer.com\/fr\/wp-json\/wp\/v2\/types\/post"}],"author":[{"embeddable":true,"href":"https:\/\/kimer.com\/fr\/wp-json\/wp\/v2\/users\/1"}],"replies":[{"embeddable":true,"href":"https:\/\/kimer.com\/fr\/wp-json\/wp\/v2\/comments?post=10945"}],"version-history":[{"count":1,"href":"https:\/\/kimer.com\/fr\/wp-json\/wp\/v2\/posts\/10945\/revisions"}],"predecessor-version":[{"id":11619,"href":"https:\/\/kimer.com\/fr\/wp-json\/wp\/v2\/posts\/10945\/revisions\/11619"}],"wp:featuredmedia":[{"embeddable":true,"href":"https:\/\/kimer.com\/fr\/wp-json\/wp\/v2\/media\/10940"}],"wp:attachment":[{"href":"https:\/\/kimer.com\/fr\/wp-json\/wp\/v2\/media?parent=10945"}],"wp:term":[{"taxonomy":"category","embeddable":true,"href":"https:\/\/kimer.com\/fr\/wp-json\/wp\/v2\/categories?post=10945"},{"taxonomy":"post_tag","embeddable":true,"href":"https:\/\/kimer.com\/fr\/wp-json\/wp\/v2\/tags?post=10945"}],"curies":[{"name":"wp","href":"https:\/\/api.w.org\/{rel}","templated":true}]}}