{"id":10989,"date":"2016-06-20T11:22:21","date_gmt":"2016-06-20T09:22:21","guid":{"rendered":"https:\/\/kimer.logisprix.com\/installation-du-rayonnage-alpa\/"},"modified":"2025-07-22T12:58:38","modified_gmt":"2025-07-22T10:58:38","slug":"installation-du-rayonnage-alpa","status":"publish","type":"post","link":"https:\/\/kimer.com\/fr\/installation-du-rayonnage-alpa\/","title":{"rendered":"Installation du Rayonnage ALPA"},"content":{"rendered":"<p><img fetchpriority=\"high\" decoding=\"async\" class=\"wp-image-10978 aligncenter\" src=\"https:\/\/kimer.logisprix.com\/wp-content\/uploads\/2025\/07\/instalacion-estanteria-alpa-300x160.webp\" alt=\"\" width=\"581\" height=\"310\" srcset=\"https:\/\/kimer.com\/wp-content\/uploads\/2025\/07\/instalacion-estanteria-alpa-300x160.webp 300w, https:\/\/kimer.com\/wp-content\/uploads\/2025\/07\/instalacion-estanteria-alpa.webp 750w\" sizes=\"(max-width: 581px) 100vw, 581px\" \/><\/p>\n<p>&nbsp;<\/p>\n<p><span style=\"font-weight: 400;\">Les rayonnages <strong>ALPA<\/strong> ont \u00e9t\u00e9 con\u00e7us pour s\u2019adapter \u00e0 un maximum d\u2019environnements et de besoins gr\u00e2ce \u00e0 leur modularit\u00e9 et leur facilit\u00e9 de r\u00e9glage.<\/span><\/p>\n<p><span style=\"font-weight: 400;\">Gr\u00e2ce \u00e0 leur solidit\u00e9 et \u00e0 leur montage facile (<strong>sans vis<\/strong>), ils repr\u00e9sentent le syst\u00e8me optimal pour les bureaux, archives, entrep\u00f4ts, etc.<\/span><\/p>\n<p><span style=\"font-weight: 400;\">Quelques-uns des <strong>avantages <\/strong>de ce produit :<\/span><\/p>\n<ul>\n<li><span style=\"font-weight: 400;\">Rayonnage facile \u00e0 monter sans vis<\/span><\/li>\n<li>Possibilit\u00e9 de cr\u00e9er des \u00e9tablis<\/li>\n<li>Traverse la plus \u00e9troite du march\u00e9 avec une grande capacit\u00e9 de stockage<\/li>\n<li>Possibilit\u00e9 d\u2019utiliser des \u00e9tag\u00e8res m\u00e9talliques ou des panneaux en agglom\u00e9r\u00e9\/m\u00e9lamine<\/li>\n<li>Large gamme d\u2019accessoires : s\u00e9parateurs, tiroirs, panneaux lat\u00e9raux ainsi que barres porte-dossiers et barres porte-v\u00eatements (tr\u00e8s utiles pour le rangement de v\u00eatements)<\/li>\n<li>Produit test\u00e9 par l\u2019Universit\u00e9 Polytechnique de Valence<\/li>\n<\/ul>\n","protected":false},"excerpt":{"rendered":"<p>&nbsp; Les rayonnages ALPA ont \u00e9t\u00e9 con\u00e7us pour s\u2019adapter \u00e0 un maximum d\u2019environnements et de besoins gr\u00e2ce \u00e0 leur modularit\u00e9 et leur facilit\u00e9 de r\u00e9glage. Gr\u00e2ce \u00e0 leur solidit\u00e9 et \u00e0 leur montage facile (sans vis), ils repr\u00e9sentent le syst\u00e8me optimal pour les bureaux, archives, entrep\u00f4ts, etc. Quelques-uns des avantages de ce produit : Rayonnage [&hellip;]<\/p>\n","protected":false},"author":1,"featured_media":10980,"comment_status":"closed","ping_status":"closed","sticky":false,"template":"","format":"standard","meta":{"_acf_changed":false,"footnotes":""},"categories":[17],"tags":[],"class_list":["post-10989","post","type-post","status-publish","format-standard","has-post-thumbnail","hentry","category-actualites"],"acf":[],"_links":{"self":[{"href":"https:\/\/kimer.com\/fr\/wp-json\/wp\/v2\/posts\/10989","targetHints":{"allow":["GET"]}}],"collection":[{"href":"https:\/\/kimer.com\/fr\/wp-json\/wp\/v2\/posts"}],"about":[{"href":"https:\/\/kimer.com\/fr\/wp-json\/wp\/v2\/types\/post"}],"author":[{"embeddable":true,"href":"https:\/\/kimer.com\/fr\/wp-json\/wp\/v2\/users\/1"}],"replies":[{"embeddable":true,"href":"https:\/\/kimer.com\/fr\/wp-json\/wp\/v2\/comments?post=10989"}],"version-history":[{"count":1,"href":"https:\/\/kimer.com\/fr\/wp-json\/wp\/v2\/posts\/10989\/revisions"}],"predecessor-version":[{"id":11606,"href":"https:\/\/kimer.com\/fr\/wp-json\/wp\/v2\/posts\/10989\/revisions\/11606"}],"wp:featuredmedia":[{"embeddable":true,"href":"https:\/\/kimer.com\/fr\/wp-json\/wp\/v2\/media\/10980"}],"wp:attachment":[{"href":"https:\/\/kimer.com\/fr\/wp-json\/wp\/v2\/media?parent=10989"}],"wp:term":[{"taxonomy":"category","embeddable":true,"href":"https:\/\/kimer.com\/fr\/wp-json\/wp\/v2\/categories?post=10989"},{"taxonomy":"post_tag","embeddable":true,"href":"https:\/\/kimer.com\/fr\/wp-json\/wp\/v2\/tags?post=10989"}],"curies":[{"name":"wp","href":"https:\/\/api.w.org\/{rel}","templated":true}]}}