{"id":11033,"date":"2016-05-17T12:01:08","date_gmt":"2016-05-17T10:01:08","guid":{"rendered":"https:\/\/kimer.logisprix.com\/kimer-rayonnages-sera-present-au-cemat-2016-a-hanovre\/"},"modified":"2025-07-22T12:58:39","modified_gmt":"2025-07-22T10:58:39","slug":"kimer-rayonnages-sera-present-au-cemat-2016-a-hanovre","status":"publish","type":"post","link":"https:\/\/kimer.com\/fr\/kimer-rayonnages-sera-present-au-cemat-2016-a-hanovre\/","title":{"rendered":"KIMER Rayonnages sera pr\u00e9sent au CeMAT 2016 \u00e0 Hanovre"},"content":{"rendered":"<p><img fetchpriority=\"high\" decoding=\"async\" class=\" wp-image-10999 aligncenter\" src=\"https:\/\/kimer.logisprix.com\/wp-content\/uploads\/2025\/07\/kimer-estanterias-estara-presente-en-cemat-2016-hannover-300x160.webp\" alt=\"KIMER Rayonnages sera pr\u00e9sent au CeMAT 2016 \u00e0 Hanovre\" width=\"518\" height=\"276\" srcset=\"https:\/\/kimer.com\/wp-content\/uploads\/2025\/07\/kimer-estanterias-estara-presente-en-cemat-2016-hannover-300x160.webp 300w, https:\/\/kimer.com\/wp-content\/uploads\/2025\/07\/kimer-estanterias-estara-presente-en-cemat-2016-hannover.webp 750w\" sizes=\"(max-width: 518px) 100vw, 518px\" \/><\/p>\n<p>&nbsp;<\/p>\n<p><span style=\"font-weight: 400;\">KIMER Rayonnages participera une fois de plus au <strong>CeMAT Hanovre<\/strong>, sans aucun doute l\u2019un des salons les plus importants du secteur logistique en Europe. Apr\u00e8s avoir d\u00e9pass\u00e9 ses attentes lors du salon LogiMAT Stuttgart 2016, KIMER arrive \u00e0 Hanovre avec la volont\u00e9 de continuer \u00e0 pr\u00e9senter ses solutions de stockage au march\u00e9 international. <\/span><\/p>\n<p><span style=\"font-weight: 400;\">Cette fois-ci, KIMER mettra en avant ses derni\u00e8res innovations<strong> pour les charges moyennes et lourdes<\/strong>. Parmi les produits pr\u00e9sent\u00e9s : <\/span><\/p>\n<ul>\n<li><strong>Rayonnage Picking<\/strong><\/li>\n<li><strong>Plateforme Mezzanine<\/strong><\/li>\n<li><strong>Palettisation Conventionnelle<\/strong><\/li>\n<li><strong>Palettisation Compacte&#8230;<\/strong><\/li>\n<\/ul>\n<p><span style=\"font-weight: 400;\">Vous pourrez nous retrouver dans le<strong> Hall 13, Stand B45, du 31 mai au 3 juin<\/strong>. Notre \u00e9quipe sera ravie de r\u00e9pondre \u00e0 vos besoins en mati\u00e8re de stockage. Nous vous attendons nombreux !  <\/span><\/p>\n","protected":false},"excerpt":{"rendered":"<p>&nbsp; KIMER Rayonnages participera une fois de plus au CeMAT Hanovre, sans aucun doute l\u2019un des salons les plus importants du secteur logistique en Europe. Apr\u00e8s avoir d\u00e9pass\u00e9 ses attentes lors du salon LogiMAT Stuttgart 2016, KIMER arrive \u00e0 Hanovre avec la volont\u00e9 de continuer \u00e0 pr\u00e9senter ses solutions de stockage au march\u00e9 international. Cette [&hellip;]<\/p>\n","protected":false},"author":1,"featured_media":11001,"comment_status":"closed","ping_status":"closed","sticky":false,"template":"","format":"standard","meta":{"_acf_changed":false,"footnotes":""},"categories":[17],"tags":[],"class_list":["post-11033","post","type-post","status-publish","format-standard","has-post-thumbnail","hentry","category-actualites"],"acf":[],"_links":{"self":[{"href":"https:\/\/kimer.com\/fr\/wp-json\/wp\/v2\/posts\/11033","targetHints":{"allow":["GET"]}}],"collection":[{"href":"https:\/\/kimer.com\/fr\/wp-json\/wp\/v2\/posts"}],"about":[{"href":"https:\/\/kimer.com\/fr\/wp-json\/wp\/v2\/types\/post"}],"author":[{"embeddable":true,"href":"https:\/\/kimer.com\/fr\/wp-json\/wp\/v2\/users\/1"}],"replies":[{"embeddable":true,"href":"https:\/\/kimer.com\/fr\/wp-json\/wp\/v2\/comments?post=11033"}],"version-history":[{"count":1,"href":"https:\/\/kimer.com\/fr\/wp-json\/wp\/v2\/posts\/11033\/revisions"}],"predecessor-version":[{"id":11608,"href":"https:\/\/kimer.com\/fr\/wp-json\/wp\/v2\/posts\/11033\/revisions\/11608"}],"wp:featuredmedia":[{"embeddable":true,"href":"https:\/\/kimer.com\/fr\/wp-json\/wp\/v2\/media\/11001"}],"wp:attachment":[{"href":"https:\/\/kimer.com\/fr\/wp-json\/wp\/v2\/media?parent=11033"}],"wp:term":[{"taxonomy":"category","embeddable":true,"href":"https:\/\/kimer.com\/fr\/wp-json\/wp\/v2\/categories?post=11033"},{"taxonomy":"post_tag","embeddable":true,"href":"https:\/\/kimer.com\/fr\/wp-json\/wp\/v2\/tags?post=11033"}],"curies":[{"name":"wp","href":"https:\/\/api.w.org\/{rel}","templated":true}]}}