{"id":11057,"date":"2017-03-26T12:26:46","date_gmt":"2017-03-26T10:26:46","guid":{"rendered":"https:\/\/kimer.logisprix.com\/kimer-rayonnages-present-au-salon-logimat-stuttgart-2017\/"},"modified":"2025-07-22T12:59:02","modified_gmt":"2025-07-22T10:59:02","slug":"kimer-rayonnages-present-au-salon-logimat-stuttgart-2017","status":"publish","type":"post","link":"https:\/\/kimer.com\/fr\/kimer-rayonnages-present-au-salon-logimat-stuttgart-2017\/","title":{"rendered":"KIMER Rayonnages Pr\u00e9sent au Salon LOGIMAT Stuttgart 2017"},"content":{"rendered":"<p><img fetchpriority=\"high\" decoding=\"async\" class=\" wp-image-11048 aligncenter\" src=\"https:\/\/kimer.logisprix.com\/wp-content\/uploads\/2025\/07\/kimer-estanterias-presente-en-la-feria-logimat-stuttgart-2017-300x160.webp\" alt=\"KIMER Rayonnages Pr\u00e9sent au Salon LOGIMAT Stuttgart 2017\" width=\"534\" height=\"285\" srcset=\"https:\/\/kimer.com\/wp-content\/uploads\/2025\/07\/kimer-estanterias-presente-en-la-feria-logimat-stuttgart-2017-300x160.webp 300w, https:\/\/kimer.com\/wp-content\/uploads\/2025\/07\/kimer-estanterias-presente-en-la-feria-logimat-stuttgart-2017.webp 750w\" sizes=\"(max-width: 534px) 100vw, 534px\" \/><\/p>\n<p>&nbsp;<\/p>\n<p><span style=\"font-weight: 400;\">Une fois de plus, <strong>KIMER <\/strong>a eu l\u2019opportunit\u00e9 d\u2019\u00eatre pr\u00e9sent \u00e0 l\u2019un des salons les plus prestigieux du secteur \u00e0 l\u2019\u00e9chelle mondiale. Pour <strong>la sixi\u00e8me ann\u00e9e cons\u00e9cutive<\/strong>, KIMER a pr\u00e9sent\u00e9 sa <strong>large gamme de produits ainsi que les innovations qu\u2019elle propose sur le march\u00e9 pour 2017.<\/strong> Du 14 au 16 mars, entreprises et professionnels ont pu d\u00e9couvrir de premi\u00e8re main les solutions les plus avanc\u00e9es, les nouvelles technologies et produits, \u00e9changer leurs exp\u00e9riences et s\u2019immerger dans les nouvelles tendances du secteur. <\/span><\/p>\n<p><span style=\"font-weight: 400;\"><strong>Le Hall 1, Stand 1 A 10<\/strong> a \u00e9t\u00e9 sans aucun doute l\u2019un des stands les plus photographi\u00e9s gr\u00e2ce \u00e0 son excellent design et sa structure.<\/span><\/p>\n","protected":false},"excerpt":{"rendered":"<p>&nbsp; Une fois de plus, KIMER a eu l\u2019opportunit\u00e9 d\u2019\u00eatre pr\u00e9sent \u00e0 l\u2019un des salons les plus prestigieux du secteur \u00e0 l\u2019\u00e9chelle mondiale. Pour la sixi\u00e8me ann\u00e9e cons\u00e9cutive, KIMER a pr\u00e9sent\u00e9 sa large gamme de produits ainsi que les innovations qu\u2019elle propose sur le march\u00e9 pour 2017. Du 14 au 16 mars, entreprises et professionnels [&hellip;]<\/p>\n","protected":false},"author":1,"featured_media":11050,"comment_status":"closed","ping_status":"closed","sticky":false,"template":"","format":"standard","meta":{"_acf_changed":false,"footnotes":""},"categories":[17],"tags":[],"class_list":["post-11057","post","type-post","status-publish","format-standard","has-post-thumbnail","hentry","category-actualites"],"acf":[],"_links":{"self":[{"href":"https:\/\/kimer.com\/fr\/wp-json\/wp\/v2\/posts\/11057","targetHints":{"allow":["GET"]}}],"collection":[{"href":"https:\/\/kimer.com\/fr\/wp-json\/wp\/v2\/posts"}],"about":[{"href":"https:\/\/kimer.com\/fr\/wp-json\/wp\/v2\/types\/post"}],"author":[{"embeddable":true,"href":"https:\/\/kimer.com\/fr\/wp-json\/wp\/v2\/users\/1"}],"replies":[{"embeddable":true,"href":"https:\/\/kimer.com\/fr\/wp-json\/wp\/v2\/comments?post=11057"}],"version-history":[{"count":1,"href":"https:\/\/kimer.com\/fr\/wp-json\/wp\/v2\/posts\/11057\/revisions"}],"predecessor-version":[{"id":11622,"href":"https:\/\/kimer.com\/fr\/wp-json\/wp\/v2\/posts\/11057\/revisions\/11622"}],"wp:featuredmedia":[{"embeddable":true,"href":"https:\/\/kimer.com\/fr\/wp-json\/wp\/v2\/media\/11050"}],"wp:attachment":[{"href":"https:\/\/kimer.com\/fr\/wp-json\/wp\/v2\/media?parent=11057"}],"wp:term":[{"taxonomy":"category","embeddable":true,"href":"https:\/\/kimer.com\/fr\/wp-json\/wp\/v2\/categories?post=11057"},{"taxonomy":"post_tag","embeddable":true,"href":"https:\/\/kimer.com\/fr\/wp-json\/wp\/v2\/tags?post=11057"}],"curies":[{"name":"wp","href":"https:\/\/api.w.org\/{rel}","templated":true}]}}