{"id":11071,"date":"2017-10-16T12:36:05","date_gmt":"2017-10-16T10:36:05","guid":{"rendered":"https:\/\/kimer.logisprix.com\/kimer-sera-present-pour-la-sixieme-annee-consecutive-a-empack-logistics-2017-a-madrid\/"},"modified":"2025-07-22T12:59:01","modified_gmt":"2025-07-22T10:59:01","slug":"kimer-sera-present-pour-la-sixieme-annee-consecutive-a-empack-logistics-2017-a-madrid","status":"publish","type":"post","link":"https:\/\/kimer.com\/fr\/kimer-sera-present-pour-la-sixieme-annee-consecutive-a-empack-logistics-2017-a-madrid\/","title":{"rendered":"KIMER sera pr\u00e9sent pour la sixi\u00e8me ann\u00e9e cons\u00e9cutive \u00e0 EMPACK &amp; LOGISTICS 2017 \u00e0 Madrid"},"content":{"rendered":"<p><img fetchpriority=\"high\" decoding=\"async\" class=\" wp-image-11062 aligncenter\" src=\"https:\/\/kimer.logisprix.com\/wp-content\/uploads\/2025\/07\/kimer-estara-presente-por-sexto-ano-consecutivo-en-empack-logistics-2017-en-madrid-300x160.webp\" alt=\"KIMER sera pr\u00e9sent pour la sixi\u00e8me ann\u00e9e cons\u00e9cutive \u00e0 EMPACK &amp; LOGISTICS 2017 \u00e0 Madrid\" width=\"951\" height=\"507\" srcset=\"https:\/\/kimer.com\/wp-content\/uploads\/2025\/07\/kimer-estara-presente-por-sexto-ano-consecutivo-en-empack-logistics-2017-en-madrid-300x160.webp 300w, https:\/\/kimer.com\/wp-content\/uploads\/2025\/07\/kimer-estara-presente-por-sexto-ano-consecutivo-en-empack-logistics-2017-en-madrid.webp 750w\" sizes=\"(max-width: 951px) 100vw, 951px\" \/><\/p>\n<p>&nbsp;<\/p>\n<p><span style=\"font-weight: 400;\">KIMER Rayonnages participera \u00e0 nouveau, pour la sixi\u00e8me ann\u00e9e cons\u00e9cutive, \u00e0 l\u2019un des salons les plus importants du secteur du stockage au niveau national. Les 7 et 8 novembre \u00e0 Madrid, KIMER aura l\u2019occasion de pr\u00e9senter ses solutions au march\u00e9 international. <\/span><\/p>\n<p><strong>Ainsi, KIMER cl\u00f4turera son programme d\u2019\u00e9v\u00e9nements pour 2017, une ann\u00e9e marqu\u00e9e par l\u2019introduction d\u2019am\u00e9liorations substantielles pour la palettisation et le picking. <\/strong><\/p>\n","protected":false},"excerpt":{"rendered":"<p>&nbsp; KIMER Rayonnages participera \u00e0 nouveau, pour la sixi\u00e8me ann\u00e9e cons\u00e9cutive, \u00e0 l\u2019un des salons les plus importants du secteur du stockage au niveau national. Les 7 et 8 novembre \u00e0 Madrid, KIMER aura l\u2019occasion de pr\u00e9senter ses solutions au march\u00e9 international. Ainsi, KIMER cl\u00f4turera son programme d\u2019\u00e9v\u00e9nements pour 2017, une ann\u00e9e marqu\u00e9e par l\u2019introduction [&hellip;]<\/p>\n","protected":false},"author":1,"featured_media":11064,"comment_status":"closed","ping_status":"closed","sticky":false,"template":"","format":"standard","meta":{"_acf_changed":false,"footnotes":""},"categories":[17],"tags":[],"class_list":["post-11071","post","type-post","status-publish","format-standard","has-post-thumbnail","hentry","category-actualites"],"acf":[],"_links":{"self":[{"href":"https:\/\/kimer.com\/fr\/wp-json\/wp\/v2\/posts\/11071","targetHints":{"allow":["GET"]}}],"collection":[{"href":"https:\/\/kimer.com\/fr\/wp-json\/wp\/v2\/posts"}],"about":[{"href":"https:\/\/kimer.com\/fr\/wp-json\/wp\/v2\/types\/post"}],"author":[{"embeddable":true,"href":"https:\/\/kimer.com\/fr\/wp-json\/wp\/v2\/users\/1"}],"replies":[{"embeddable":true,"href":"https:\/\/kimer.com\/fr\/wp-json\/wp\/v2\/comments?post=11071"}],"version-history":[{"count":1,"href":"https:\/\/kimer.com\/fr\/wp-json\/wp\/v2\/posts\/11071\/revisions"}],"predecessor-version":[{"id":11620,"href":"https:\/\/kimer.com\/fr\/wp-json\/wp\/v2\/posts\/11071\/revisions\/11620"}],"wp:featuredmedia":[{"embeddable":true,"href":"https:\/\/kimer.com\/fr\/wp-json\/wp\/v2\/media\/11064"}],"wp:attachment":[{"href":"https:\/\/kimer.com\/fr\/wp-json\/wp\/v2\/media?parent=11071"}],"wp:term":[{"taxonomy":"category","embeddable":true,"href":"https:\/\/kimer.com\/fr\/wp-json\/wp\/v2\/categories?post=11071"},{"taxonomy":"post_tag","embeddable":true,"href":"https:\/\/kimer.com\/fr\/wp-json\/wp\/v2\/tags?post=11071"}],"curies":[{"name":"wp","href":"https:\/\/api.w.org\/{rel}","templated":true}]}}