{"id":11118,"date":"2016-03-16T13:02:16","date_gmt":"2016-03-16T12:02:16","guid":{"rendered":"https:\/\/kimer.logisprix.com\/kimer-a-presente-ses-solutions-au-marche-international-lors-du-salon-logimat-2016\/"},"modified":"2025-07-22T12:58:41","modified_gmt":"2025-07-22T10:58:41","slug":"kimer-a-presente-ses-solutions-au-marche-international-lors-du-salon-logimat-2016","status":"publish","type":"post","link":"https:\/\/kimer.com\/fr\/kimer-a-presente-ses-solutions-au-marche-international-lors-du-salon-logimat-2016\/","title":{"rendered":"Kimer a pr\u00e9sent\u00e9 ses solutions au march\u00e9 international lors du salon LogiMAT 2016"},"content":{"rendered":"<p><b>Kimer Rayonnages disposait de son propre stand au salon LogiMAT 2016, le plus grand salon europ\u00e9en d\u00e9di\u00e9 aux \u00e9quipements et solutions pour l&rsquo;intralogistique.<\/b><span style=\"font-weight: 400;\">. Du 8 au 10 mars \u00e0 Stuttgart, les entreprises et les professionnels ont eu l\u2019occasion de d\u00e9couvrir en direct les solutions les plus avanc\u00e9es, les nouvelles technologies et produits, d\u2019\u00e9changer des exp\u00e9riences et d\u2019explorer les nouvelles tendances du secteur.<\/span><\/p>\n<p><span style=\"font-weight: 400;\">Lors de cette 14e \u00e9dition de LogiMAT, Kimer a pr\u00e9sent\u00e9<\/span> <b>sa grande vari\u00e9t\u00e9 de produits et solutions<\/b><span style=\"font-weight: 400;\"> pour diff\u00e9rents besoins : charges l\u00e9g\u00e8res, moyennes ou palettis\u00e9es, pour de nombreux secteurs. Un autre point fort de Kimer est son  <\/span><b>engagement fort en R&amp;D+i, qui a mis en vedette \u00e0 LogiMAT son syst\u00e8me automatis\u00e9 Shuttle<\/b><span style=\"font-weight: 400;\">, tr\u00e8s bien accueilli.<\/span><\/p>\n<p>&nbsp;<\/p>\n<p><img fetchpriority=\"high\" decoding=\"async\" class=\"wp-image-11108 aligncenter\" src=\"https:\/\/kimer.logisprix.com\/wp-content\/uploads\/2025\/07\/kimer-mostro-en-logimat-2016-sus-soluciones-al-mercado-internacional-300x160.webp\" alt=\"Kimer a pr\u00e9sent\u00e9 ses solutions au march\u00e9 international lors du salon LogiMAT 2016\" width=\"779\" height=\"416\" srcset=\"https:\/\/kimer.com\/wp-content\/uploads\/2025\/07\/kimer-mostro-en-logimat-2016-sus-soluciones-al-mercado-internacional-300x160.webp 300w, https:\/\/kimer.com\/wp-content\/uploads\/2025\/07\/kimer-mostro-en-logimat-2016-sus-soluciones-al-mercado-internacional.webp 750w\" sizes=\"(max-width: 779px) 100vw, 779px\" \/><\/p>\n<p>&nbsp;<\/p>\n<p><span style=\"font-weight: 400;\">Les salons internationaux repr\u00e9sentent une excellente plateforme pour les entreprises comme Kimer. Comme l\u2019affirme son<\/span> <b>directeur g\u00e9n\u00e9ral, Alberto Pallard\u00f3<\/b> <i><span style=\"font-weight: 400;\">: \u00ab KIMER Rayonnages con\u00e7oit et fabrique des syst\u00e8mes de stockage depuis plus de 50 ans. Nous sommes une entreprise internationale, pr\u00e9sente dans plus de 30 pays. C\u2019est pourquoi notre participation \u00e0 LogiMAT est essentielle pour montrer que nos produits et notre service client sont une r\u00e9f\u00e9rence dans le secteur. \u00bb  <\/span><\/i><span style=\"font-weight: 400;\">.<\/span><\/p>\n","protected":false},"excerpt":{"rendered":"<p>Kimer Rayonnages disposait de son propre stand au salon LogiMAT 2016, le plus grand salon europ\u00e9en d\u00e9di\u00e9 aux \u00e9quipements et solutions pour l&rsquo;intralogistique.. Du 8 au 10 mars \u00e0 Stuttgart, les entreprises et les professionnels ont eu l\u2019occasion de d\u00e9couvrir en direct les solutions les plus avanc\u00e9es, les nouvelles technologies et produits, d\u2019\u00e9changer des exp\u00e9riences [&hellip;]<\/p>\n","protected":false},"author":1,"featured_media":11110,"comment_status":"closed","ping_status":"closed","sticky":false,"template":"","format":"standard","meta":{"_acf_changed":false,"footnotes":""},"categories":[17],"tags":[],"class_list":["post-11118","post","type-post","status-publish","format-standard","has-post-thumbnail","hentry","category-actualites"],"acf":[],"_links":{"self":[{"href":"https:\/\/kimer.com\/fr\/wp-json\/wp\/v2\/posts\/11118","targetHints":{"allow":["GET"]}}],"collection":[{"href":"https:\/\/kimer.com\/fr\/wp-json\/wp\/v2\/posts"}],"about":[{"href":"https:\/\/kimer.com\/fr\/wp-json\/wp\/v2\/types\/post"}],"author":[{"embeddable":true,"href":"https:\/\/kimer.com\/fr\/wp-json\/wp\/v2\/users\/1"}],"replies":[{"embeddable":true,"href":"https:\/\/kimer.com\/fr\/wp-json\/wp\/v2\/comments?post=11118"}],"version-history":[{"count":1,"href":"https:\/\/kimer.com\/fr\/wp-json\/wp\/v2\/posts\/11118\/revisions"}],"predecessor-version":[{"id":11610,"href":"https:\/\/kimer.com\/fr\/wp-json\/wp\/v2\/posts\/11118\/revisions\/11610"}],"wp:featuredmedia":[{"embeddable":true,"href":"https:\/\/kimer.com\/fr\/wp-json\/wp\/v2\/media\/11110"}],"wp:attachment":[{"href":"https:\/\/kimer.com\/fr\/wp-json\/wp\/v2\/media?parent=11118"}],"wp:term":[{"taxonomy":"category","embeddable":true,"href":"https:\/\/kimer.com\/fr\/wp-json\/wp\/v2\/categories?post=11118"},{"taxonomy":"post_tag","embeddable":true,"href":"https:\/\/kimer.com\/fr\/wp-json\/wp\/v2\/tags?post=11118"}],"curies":[{"name":"wp","href":"https:\/\/api.w.org\/{rel}","templated":true}]}}