{"id":11165,"date":"2016-11-04T13:27:50","date_gmt":"2016-11-04T12:27:50","guid":{"rendered":"https:\/\/kimer.logisprix.com\/kimer-sera-present-a-nouveau-au-salon-empack-2016-a-madrid\/"},"modified":"2025-07-22T12:59:04","modified_gmt":"2025-07-22T10:59:04","slug":"kimer-sera-present-a-nouveau-au-salon-empack-2016-a-madrid","status":"publish","type":"post","link":"https:\/\/kimer.com\/fr\/kimer-sera-present-a-nouveau-au-salon-empack-2016-a-madrid\/","title":{"rendered":"KIMER Sera Pr\u00e9sent \u00e0 Nouveau au Salon Empack 2016 \u00e0 Madrid"},"content":{"rendered":"<p><img fetchpriority=\"high\" decoding=\"async\" class=\" wp-image-11153 aligncenter\" src=\"https:\/\/kimer.logisprix.com\/wp-content\/uploads\/2025\/07\/kimer-volvera-estar-presente-en-la-feria-empack-2016-madrid-300x160.webp\" alt=\"KIMER Sera Pr\u00e9sent \u00e0 Nouveau au Salon Empack 2016 \u00e0 Madrid\" width=\"765\" height=\"408\" srcset=\"https:\/\/kimer.com\/wp-content\/uploads\/2025\/07\/kimer-volvera-estar-presente-en-la-feria-empack-2016-madrid-300x160.webp 300w, https:\/\/kimer.com\/wp-content\/uploads\/2025\/07\/kimer-volvera-estar-presente-en-la-feria-empack-2016-madrid.webp 750w\" sizes=\"(max-width: 765px) 100vw, 765px\" \/><\/p>\n<p>&nbsp;<\/p>\n<p><span style=\"font-weight: 400;\">KIMER Rayonnages participera \u00e0 nouveau \u00e0 l\u2019un des salons les plus importants du secteur du stockage au niveau national. Les 23 et 24 novembre prochains \u00e0 Madrid, KIMER aura l\u2019occasion de pr\u00e9senter ses solutions au march\u00e9 international. <\/span><\/p>\n<p><span style=\"font-weight: 400;\">Ainsi, KIMER cl\u00f4turera son programme d\u2019\u00e9v\u00e9nements pour 2016, une ann\u00e9e marqu\u00e9e par l\u2019innovation et le d\u00e9veloppement, car KIMER a r\u00e9ussi \u00e0 introduire de nouveaux syst\u00e8mes de stockage qui rencontrent un grand succ\u00e8s. <\/span><\/p>\n<p><strong>Nous vous attendons les 23 et 24 novembre au stand H08.<\/strong><\/p>\n","protected":false},"excerpt":{"rendered":"<p>&nbsp; KIMER Rayonnages participera \u00e0 nouveau \u00e0 l\u2019un des salons les plus importants du secteur du stockage au niveau national. Les 23 et 24 novembre prochains \u00e0 Madrid, KIMER aura l\u2019occasion de pr\u00e9senter ses solutions au march\u00e9 international. Ainsi, KIMER cl\u00f4turera son programme d\u2019\u00e9v\u00e9nements pour 2016, une ann\u00e9e marqu\u00e9e par l\u2019innovation et le d\u00e9veloppement, car [&hellip;]<\/p>\n","protected":false},"author":1,"featured_media":11155,"comment_status":"closed","ping_status":"closed","sticky":false,"template":"","format":"standard","meta":{"_acf_changed":false,"footnotes":""},"categories":[17],"tags":[],"class_list":["post-11165","post","type-post","status-publish","format-standard","has-post-thumbnail","hentry","category-actualites"],"acf":[],"_links":{"self":[{"href":"https:\/\/kimer.com\/fr\/wp-json\/wp\/v2\/posts\/11165","targetHints":{"allow":["GET"]}}],"collection":[{"href":"https:\/\/kimer.com\/fr\/wp-json\/wp\/v2\/posts"}],"about":[{"href":"https:\/\/kimer.com\/fr\/wp-json\/wp\/v2\/types\/post"}],"author":[{"embeddable":true,"href":"https:\/\/kimer.com\/fr\/wp-json\/wp\/v2\/users\/1"}],"replies":[{"embeddable":true,"href":"https:\/\/kimer.com\/fr\/wp-json\/wp\/v2\/comments?post=11165"}],"version-history":[{"count":1,"href":"https:\/\/kimer.com\/fr\/wp-json\/wp\/v2\/posts\/11165\/revisions"}],"predecessor-version":[{"id":11624,"href":"https:\/\/kimer.com\/fr\/wp-json\/wp\/v2\/posts\/11165\/revisions\/11624"}],"wp:featuredmedia":[{"embeddable":true,"href":"https:\/\/kimer.com\/fr\/wp-json\/wp\/v2\/media\/11155"}],"wp:attachment":[{"href":"https:\/\/kimer.com\/fr\/wp-json\/wp\/v2\/media?parent=11165"}],"wp:term":[{"taxonomy":"category","embeddable":true,"href":"https:\/\/kimer.com\/fr\/wp-json\/wp\/v2\/categories?post=11165"},{"taxonomy":"post_tag","embeddable":true,"href":"https:\/\/kimer.com\/fr\/wp-json\/wp\/v2\/tags?post=11165"}],"curies":[{"name":"wp","href":"https:\/\/api.w.org\/{rel}","templated":true}]}}